{"id":10997,"date":"2024-08-26T09:15:07","date_gmt":"2024-08-26T09:15:07","guid":{"rendered":"https:\/\/elfvaping.com\/?p=10997"},"modified":"2026-08-17T23:51:46","modified_gmt":"2026-08-17T23:51:46","slug":"nemetorszagi-vaping-amit-a-kiskereskedoknek-tudniuk-kell","status":"publish","type":"post","link":"https:\/\/elfvaping.com\/hu\/vaping-in-germany-what-retailers-need-to-know\/","title":{"rendered":"E-cigaretta N\u00e9metorsz\u00e1gban 2026: TPD, korhat\u00e1r, ad\u00f3 \u00e9s keresked\u0151i szab\u00e1lyok"},"content":{"rendered":"<article>\n<p><strong>Gyors v\u00e1lasz:<\/strong> A vape-term\u00e9kek N\u00e9metorsz\u00e1gban szab\u00e1lyozottak, de maga a vapel\u00e9s nincs \u00e1ltal\u00e1nosan betiltva. 2026-ban a keresked\u0151knek h\u00e1rom, gyakran \u00f6sszekevert k\u00e9rd\u00e9st kell k\u00fcl\u00f6n kezelni\u00fck: egy adott term\u00e9kkonfigur\u00e1ci\u00f3 forgalomba hozhat\u00f3-e a n\u00e9met piacon, eladhat\u00f3-e egy adott v\u00e1s\u00e1rl\u00f3nak, \u00e9s hol haszn\u00e1lhat\u00f3. A nikotint tartalmaz\u00f3 eldobhat\u00f3 e-cigarett\u00e1k \u00e9s eldobhat\u00f3 patronok eset\u00e9ben a n\u00e9met jog a folyad\u00e9ktart\u00e1lyt 2 ml-re, a nikotinkoncentr\u00e1ci\u00f3t pedig 20 mg\/ml-re korl\u00e1tozza; a nikotinos ut\u00e1nt\u00f6lt\u0151 tart\u00e1lyok legfeljebb 10 ml-esek lehetnek. \u00c9rt\u00e9kes\u00edt\u00e9s csak 18 \u00e9ven fel\u00fclieknek t\u00f6rt\u00e9nhet, az EU-CEG bejelent\u00e9si szab\u00e1lyai alkalmazand\u00f3k, a doh\u00e1nyterm\u00e9k-helyettes\u00edt\u0151k 2026-os j\u00f6ved\u00e9ki ad\u00f3ja 0,32 \u20ac milliliterenk\u00e9nt, \u00e9s 2026. j\u00falius 1-j\u00e9t\u0151l az \u00e9rintett \u00e9rt\u00e9kes\u00edt\u00e9si pontoknak a m\u00f3dos\u00edtott elektromosberendez\u00e9s-szab\u00e1lyok alapj\u00e1n vissza kell venni\u00fck a haszn\u00e1lt e-cigarett\u00e1kat.<\/p>\n<p>Ez az \u00fatmutat\u00f3 a <strong>n\u00e9metorsz\u00e1gi vape- \u00e9s e-cigaretta-szab\u00e1lyokat<\/strong> keresked\u0151i \u00e9s compliance n\u00e9z\u0151pontb\u00f3l magyar\u00e1zza. A tartalmat 2026. augusztus 18-\u00e1n alaposan fel\u00fclvizsg\u00e1ltuk a hat\u00e1lyos n\u00e9met t\u00f6rv\u00e9nyek \u00e9s sz\u00f6vets\u00e9gi hat\u00f3s\u00e1gi \u00fatmutat\u00e1sok alapj\u00e1n. T\u00e1j\u00e9koztat\u00f3 jelleg\u0171, nem jogi tan\u00e1csad\u00e1s, \u00e9s nem igazolja automatikusan egyetlen konkr\u00e9t SKU megfelel\u0151s\u00e9g\u00e9t sem.<\/p>\n<div style=\"overflow-x:auto;\">\n<table>\n<thead>\n<tr>\n<th>T\u00e9ma<\/th>\n<th>N\u00e9met szab\u00e1ly 2026-ban<\/th>\n<th>Keresked\u0151i k\u00f6vetkezm\u00e9ny<\/th>\n<\/tr>\n<\/thead>\n<tbody>\n<tr>\n<td>Als\u00f3 korhat\u00e1r<\/td>\n<td>18+<\/td>\n<td>Ne k\u00edn\u00e1ljon \u00e9s ne adjon \u00e1t e-cigarett\u00e1t gyermeknek vagy fiatalkor\u00fanak; a fiatalkor\u00faak v\u00e9delm\u00e9re vonatkoz\u00f3 szab\u00e1ly a nikotinmentes e-cigarett\u00e1kra is kiterjed.<\/td>\n<\/tr>\n<tr>\n<td>Nikotiner\u0151ss\u00e9g<\/td>\n<td>Legfeljebb 20 mg\/ml<\/td>\n<td>A n\u00e9met piacra sz\u00e1nt pontos term\u00e9ket \u00e9s csomagol\u00e1st ellen\u0151rizze, ne csak a besz\u00e1ll\u00edt\u00f3 glob\u00e1lis term\u00e9koldal\u00e1t.<\/td>\n<\/tr>\n<tr>\n<td>Nikotinos eldobhat\u00f3 eszk\u00f6z\/patron tart\u00e1lya<\/td>\n<td>Legfeljebb 2 ml<\/td>\n<td>Egy nagy kapacit\u00e1s\u00fa glob\u00e1lis eldobhat\u00f3 konfigur\u00e1ci\u00f3r\u00f3l nem felt\u00e9telezhet\u0151 automatikusan, hogy jogszer\u0171en \u00e9rt\u00e9kes\u00edthet\u0151 a n\u00e9met kiskereskedelemben.<\/td>\n<\/tr>\n<tr>\n<td>Nikotinos ut\u00e1nt\u00f6lt\u0151 tart\u00e1ly<\/td>\n<td>Legfeljebb 10 ml<\/td>\n<td>A flakon m\u00e9ret\u00e9t \u00e9s a nikotinkoncentr\u00e1ci\u00f3t egy\u00fctt ellen\u0151rizze.<\/td>\n<\/tr>\n<tr>\n<td>Term\u00e9kbejelent\u00e9s<\/td>\n<td>EU-CEG bejelent\u00e9s, \u00e1ltal\u00e1ban hat h\u00f3nappal az els\u0151 forgalomba hozatal el\u0151tt<\/td>\n<td>A bejelent\u00e9si k\u00f6telezetts\u00e9g a gy\u00e1rt\u00f3t\/import\u0151rt terheli; a keresked\u0151nek elegend\u0151 term\u00e9kazonos\u00edt\u00f3 adatot \u00e9s dokument\u00e1ci\u00f3t kell k\u00e9rnie, hogy ne vegyen fel nem bejelentett vagy elt\u00e9r\u0151 SKU-t.<\/td>\n<\/tr>\n<tr>\n<td>J\u00f6ved\u00e9ki ad\u00f3<\/td>\n<td>0,32 \u20ac\/ml 2026. janu\u00e1r 1-j\u00e9t\u0151l a doh\u00e1nyterm\u00e9k-helyettes\u00edt\u0151kre<\/td>\n<td>Az ad\u00f3z\u00e1si st\u00e1tusz k\u00fcl\u00f6n compliance-ellen\u0151rz\u00e9s, \u00e9s nem azonos a TPD-keret term\u00e9kkorl\u00e1taival.<\/td>\n<\/tr>\n<tr>\n<td>Haszn\u00e1lat k\u00f6zter\u00fcleten<\/td>\n<td>A sz\u00f6vets\u00e9gi korl\u00e1toz\u00e1sok kifejezetten magukban foglalj\u00e1k az e-cigarett\u00e1kat az \u00e9rintett sz\u00f6vets\u00e9gi int\u00e9zm\u00e9nyekben, a k\u00f6z\u00f6ss\u00e9gi szem\u00e9lysz\u00e1ll\u00edt\u00e1sban \u00e9s a szem\u00e9lyforgalmi vas\u00fat\u00e1llom\u00e1sokon<\/td>\n<td>A tartom\u00e1nyi jog, a kijel\u00f6lt ter\u00fcletek \u00e9s a h\u00e1zirendek tov\u00e1bbi korl\u00e1toz\u00e1sokat \u00edrhatnak el\u0151.<\/td>\n<\/tr>\n<tr>\n<td>Haszn\u00e1lt eszk\u00f6z\u00f6k visszav\u00e9tele<\/td>\n<td>A keresked\u0151k kib\u0151v\u00edtett visszav\u00e9teli k\u00f6telezetts\u00e9ge 2026. j\u00falius 1-j\u00e9t\u0151l alkalmazand\u00f3<\/td>\n<td>Az \u00e9rintett \u00e9rt\u00e9kes\u00edt\u00e9si pontnak megfelel\u0151 visszav\u00e9teli lehet\u0151s\u00e9get \u00e9s v\u00e1s\u00e1rl\u00f3i t\u00e1j\u00e9koztat\u00e1st kell biztos\u00edtania.<\/td>\n<\/tr>\n<tr>\n<td>Eldobhat\u00f3 vape-ek tilt\u00e1sa<\/td>\n<td>2026. augusztus 18-i \u00e1llapot szerint nincs hat\u00e1lyban olyan orsz\u00e1gos \u00e1ltal\u00e1nos kiskereskedelmi tilalom, amelyet igazolni tudtunk<\/td>\n<td>Ne keverje \u00f6ssze a t\u00f6rv\u00e9nyjavaslatokat vagy politikai bejelent\u00e9seket a m\u00e1r hat\u00e1lyos joggal; k\u00f6vesse a v\u00e1ltoz\u00e1sokat.<\/td>\n<\/tr>\n<\/tbody>\n<\/table>\n<\/div>\n<h2>1. Milyen jogszab\u00e1lyok szab\u00e1lyozz\u00e1k a vapel\u00e9st N\u00e9metorsz\u00e1gban?<\/h2>\n<p>A n\u00e9met e-cigaretta-szab\u00e1lyoz\u00e1s az uni\u00f3s szab\u00e1lyokat nemzeti jogszab\u00e1lyokkal \u00f6tv\u00f6zi. Az EU doh\u00e1nyterm\u00e9k-ir\u00e1nyelve, a 2014\/40\/EU ir\u00e1nyelv meghat\u00e1rozta a nikotint tartalmaz\u00f3 e-cigarett\u00e1k \u00e9s ut\u00e1nt\u00f6lt\u0151k f\u0151 szab\u00e1lyait. N\u00e9metorsz\u00e1g ezeket a Tabakerzeugnisgesetz (TabakerzG) \u00e9s a Tabakerzeugnisverordnung (TabakerzV) r\u00e9v\u00e9n \u00fcltette \u00e1t. A Sz\u00f6vets\u00e9gi Fogyaszt\u00f3v\u00e9delmi \u00e9s \u00c9lelmiszer-biztons\u00e1gi Hivatal (BVL) azt is jelzi, hogy N\u00e9metorsz\u00e1g 2021-t\u0151l a doh\u00e1nyjogi k\u00f6vetelm\u00e9nyek egy r\u00e9sz\u00e9t a nikotinmentes e-cigarett\u00e1kra \u00e9s ut\u00e1nt\u00f6lt\u0151 folyad\u00e9kokra is kiterjesztette.<\/p>\n<p>Ez\u00e9rt egy keresked\u0151 nem v\u00e1laszolhat arra, hogy \u201eleg\u00e1lis-e ez a vape N\u00e9metorsz\u00e1gban?\u201d puszt\u00e1n a slukksz\u00e1m vagy a nikotinsz\u00e1zal\u00e9k alapj\u00e1n. Az \u00f6sszet\u00e9tel, tart\u00e1lyt\u00e9rfogat, bejelent\u00e9si st\u00e1tusz, csomagol\u00e1s, c\u00edmk\u00e9z\u00e9s, \u00e9letkor-ellen\u0151rz\u00e9s, ad\u00f3z\u00e1s \u00e9s elektromos hullad\u00e9kra vonatkoz\u00f3 k\u00f6telezetts\u00e9gek ugyanazon compliance-vizsg\u00e1lat k\u00fcl\u00f6n r\u00e9tegei. A nemzeti \u00e9s uni\u00f3s szab\u00e1lyok kapcsolat\u00e1r\u00f3l b\u0151vebben l\u00e1sd <a href=\"https:\/\/elfvaping.com\/hu\/megerteni-a-vaping-jogi-kornyezetet\/\">a vapel\u00e9s jogi k\u00f6rnyezet\u00e9r\u0151l sz\u00f3l\u00f3 \u00fatmutat\u00f3nkat.<\/a><\/p>\n<p>Az egyik legfontosabb els\u0151dleges jogforr\u00e1s a <a href=\"https:\/\/www.gesetze-im-internet.de\/tabakerzg\/\" rel=\"nofollow noopener\" target=\"_blank\">n\u00e9met doh\u00e1nyterm\u00e9k-t\u00f6rv\u00e9ny (TabakerzG)<\/a>. A BVL emellett k\u00f6zz\u00e9tesz egy <a href=\"https:\/\/www.bvl.bund.de\/DE\/Arbeitsbereiche\/03_Verbraucherprodukte\/03_AntragstellerUnternehmen\/09_FAQ\/07_FAQ_E-Zigaretten\/FAQ_e-zigaretten_node.html\" rel=\"nofollow noopener\" target=\"_blank\">hivatalos v\u00e1llalati GYIK-et az e-cigarett\u00e1kr\u00f3l.<\/a><\/p>\n<figure>\n<img decoding=\"async\" src=\"https:\/\/elfvaping.com\/wp-content\/uploads\/2024\/08\/Vaping-in-Germany-What-Retailers-Need-to-Know-2.webp\" alt=\"Szeml\u00e9ltet\u0151 e-cigaretta term\u00e9kek egy n\u00e9metorsz\u00e1gi vape-szab\u00e1lyokr\u00f3l sz\u00f3l\u00f3 \u00fatmutat\u00f3ban\" loading=\"lazy\" \/><figcaption>Csak szeml\u00e9ltet\u0151 term\u00e9kk\u00e9p. A megjelen\u00e9s, slukksz\u00e1m vagy a fot\u00f3n l\u00e1that\u00f3 csomagol\u00e1s nem igazolja a n\u00e9met piacra vonatkoz\u00f3 megfelel\u0151s\u00e9get.<\/figcaption><\/figure>\n<h2>2. A 2 ml, 10 ml \u00e9s 20 mg\/ml hat\u00e1r\u00e9rt\u00e9k: mit jelentenek val\u00f3j\u00e1ban?<\/h2>\n<p>A r\u00e9gebbi vape-jogi cikkek egyik legfontosabb jav\u00edt\u00e1sa a hat\u00e1r\u00e9rt\u00e9kek pontos megfogalmaz\u00e1sa. A TabakerzG \u00a714 szerint a nikotint tartalmaz\u00f3 ut\u00e1nt\u00f6lt\u0151 tart\u00e1ly legfeljebb 10 ml lehet, m\u00edg a nikotinos eldobhat\u00f3 e-cigaretta vagy eldobhat\u00f3 patron legfeljebb 2 ml-t tartalmazhat. A nikotinos folyad\u00e9k nikotinkoncentr\u00e1ci\u00f3ja legfeljebb 20 mg\/ml lehet.<\/p>\n<p>Ez\u00e9rt a 10 ml, 20 ml, 30 ml vagy m\u00e9g nagyobb tart\u00e1llyal hirdetett glob\u00e1lis eszk\u00f6z\u00f6ket alaposan ellen\u0151rizni kell, miel\u0151tt n\u00e9met kiskereskedelmi term\u00e9kk\u00e9nt kezeln\u00e9k \u0151ket. A gy\u00e1rt\u00f3 k\u00fcl\u00f6nb\u00f6z\u0151 piacokra elt\u00e9r\u0151 konfigur\u00e1ci\u00f3kat \u00e9rt\u00e9kes\u00edthet. Egy N\u00e9metorsz\u00e1gon k\u00edv\u00fcli nagy kapacit\u00e1s\u00fa term\u00e9koldal nem bizony\u00edtja, hogy ugyanaz a folyad\u00e9kkonfigur\u00e1ci\u00f3 jogszer\u0171en eladhat\u00f3 n\u00e9met fogyaszt\u00f3knak.<\/p>\n<p>A keresked\u0151knek ez\u00e9rt a pontos SKU-t kell azonos\u00edtaniuk, nem csup\u00e1n a m\u00e1rk\u00e1t \u00e9s a modellcsal\u00e1dot. Ellen\u0151rizze a tart\u00e1ly\/patron konfigur\u00e1ci\u00f3j\u00e1t, a nikotinkoncentr\u00e1ci\u00f3t, a csomagol\u00e1s nyelv\u00e9t, az import\u0151r vagy felel\u0151s gazdas\u00e1gi szerepl\u0151 adatait, a t\u00e9teladatokat \u00e9s azt a piacot, amelyre a csomagol\u00e1s k\u00e9sz\u00fclt. Ha egy besz\u00e1ll\u00edt\u00f3i oldal \u201eTPD-kompatibilisnek\u201d nevezi a term\u00e9ket, mik\u00f6zben egy 2 ml-n\u00e9l j\u00f3val nagyobb tart\u00e1ly\u00fa nikotinos eldobhat\u00f3 eszk\u00f6zt \u00edr le, az ellentmond\u00e1st tiszt\u00e1zni kell, nem pedig a marketing\u00e1ll\u00edt\u00e1st elfogadni.<\/p>\n<p>A jogszab\u00e1ly sz\u00f6vege itt \u00e9rhet\u0151 el: <a href=\"https:\/\/www.gesetze-im-internet.de\/tabakerzg\/__14.html\" rel=\"nofollow noopener\" target=\"_blank\">TabakerzG \u00a714.<\/a> A koncentr\u00e1ci\u00f3s kifejez\u00e9seket a <a href=\"https:\/\/elfvaping.com\/hu\/hogyan-valasszuk-ki-a-megfelelo-nikotinszintet-az-on-szamara\/\">nikotinszintekr\u0151l sz\u00f3l\u00f3 \u00fatmutat\u00f3nk<\/a>magyar\u00e1zza; a t\u00f6rv\u00e9nyi maximumokat nem szabad szem\u00e9lyes haszn\u00e1lati aj\u00e1nl\u00e1sk\u00e9nt \u00e9rtelmezni.<\/p>\n<h2>3. A nikotinmentes vape-ek k\u00edv\u00fcl esnek a n\u00e9met szab\u00e1lyokon?<\/h2>\n<p>Nem. Ez egy m\u00e1sik gyakori, elavult inform\u00e1ci\u00f3forr\u00e1s. A BVL kifejti, hogy N\u00e9metorsz\u00e1g kib\u0151v\u00edtette a doh\u00e1nyterm\u00e9k-szab\u00e1lyoz\u00e1s hat\u00e1ly\u00e1t, \u00edgy a nikotinmentes e-cigarett\u00e1k \u00e9s ut\u00e1nt\u00f6lt\u0151k is relev\u00e1ns k\u00f6vetelm\u00e9nyek al\u00e1 tartoznak. A fiatalkor\u00faak v\u00e9delm\u00e9re vonatkoz\u00f3 szab\u00e1lyok kifejezetten a nikotinmentes e-cigarett\u00e1kra \u00e9s e-shish\u00e1kra is kiterjednek.<\/p>\n<p>A k\u00f6telezetts\u00e9gek nem minden ponton azonosak: p\u00e9ld\u00e1ul a nikotinra vonatkoz\u00f3 figyelmeztet\u00e9s \u00e9rtelemszer\u0171en nikotint tartalmaz\u00f3 term\u00e9khez kapcsol\u00f3dik. A \u201e0% nikotin\u201d azonban soha nem jelent \u00e1ltal\u00e1nos mentess\u00e9get a n\u00e9met term\u00e9k-, bejelent\u00e9si, fiatalkor\u00fa-v\u00e9delmi, vegyi biztons\u00e1gi vagy elektromos berendez\u00e9sekre vonatkoz\u00f3 szab\u00e1lyok al\u00f3l.<\/p>\n<h2>4. H\u00e1ny \u00e9ves kort\u00f3l lehet vape-et v\u00e1s\u00e1rolni N\u00e9metorsz\u00e1gban? 18 \u00e9ves kort\u00f3l<\/h2>\n<p>A n\u00e9metorsz\u00e1gi als\u00f3 korhat\u00e1r 18 \u00e9v. <a href=\"https:\/\/www.gesetze-im-internet.de\/juschg\/__10.html\" rel=\"nofollow noopener\" target=\"_blank\">Jugendschutzgesetz \u00a710<\/a> el\u0151\u00edrja, hogy doh\u00e1nyterm\u00e9keket \u00e9s m\u00e1s nikotintartalm\u00fa term\u00e9keket nyilv\u00e1nosan nem lehet gyermekeknek vagy fiatalkor\u00faaknak k\u00edn\u00e1lni vagy \u00e1tadni; a korl\u00e1toz\u00e1sok a nikotinmentes elektronikus cigarett\u00e1kra \u00e9s elektronikus shish\u00e1kra is kiterjednek.<\/p>\n<p>A keresked\u0151 sz\u00e1m\u00e1ra a gyakorlati k\u00f6vetkezm\u00e9ny egy\u00e9rtelm\u0171: az \u00e9letkor-ellen\u0151rz\u00e9snek a t\u00e9nyleges \u00e9rt\u00e9kes\u00edt\u00e9si folyamatban kell m\u0171k\u00f6dnie, nem csup\u00e1n egy l\u00e1bl\u00e9cben vagy korhat\u00e1ros felugr\u00f3 ablakban. A BVL a hat\u00e1ron \u00e1tny\u00fal\u00f3 t\u00e1v\u00e9rt\u00e9kes\u00edt\u00e9sn\u00e9l kifejezetten megfelel\u0151 \u00e9letkor-ellen\u0151rz\u0151 rendszert v\u00e1r el. Egy web\u00e1ruh\u00e1znak a checkoutot, a rendel\u00e9sfeldolgoz\u00e1st \u00e9s az \u00e1tad\u00e1st egy \u00f6sszef\u00fcgg\u0151 ellen\u0151rz\u00e9si folyamatk\u00e9nt kell kezelnie.<\/p>\n<p>Ne t\u00fcntessen fel olyan bels\u0151 szab\u00e1lyt, mint \u201e25 \u00e9v alattinak l\u00e1tsz\u00f3 szem\u00e9lyt\u0151l k\u00e9rj igazolv\u00e1nyt\u201d, t\u00f6rv\u00e9nyi korhat\u00e1rk\u00e9nt. A bels\u0151 ellen\u0151rz\u00e9s lehet szigor\u00fabb, de a jogi \u00e9rt\u00e9kes\u00edt\u00e9si korhat\u00e1r 18 \u00e9v.<\/p>\n<h2>5. EU-CEG bejelent\u00e9s: hat h\u00f3nappal egy \u00faj term\u00e9k piacra vitele el\u0151tt<\/h2>\n<p>A BVL szerint mind a nikotinos, mind a nikotinmentes e-cigarett\u00e1kra \u00e9s ut\u00e1nt\u00f6lt\u0151kre bejelent\u00e9si k\u00f6telezetts\u00e9g vonatkozik. Egy \u00faj term\u00e9ket \u00e1ltal\u00e1ban hat h\u00f3nappal a n\u00e9met piacra t\u00f6rt\u00e9n\u0151 forgalomba hozatal el\u0151tt kell bejelenteni az EU Common Entry Gate (EU-CEG) rendszeren kereszt\u00fcl.<\/p>\n<p>A bejelent\u00e9st jellemz\u0151en a gy\u00e1rt\u00f3 vagy az import\u0151r teszi meg, de a keresked\u0151nek is dokument\u00e1lhat\u00f3 \u00fajterm\u00e9k-bevezet\u00e9si folyamatra van sz\u00fcks\u00e9ge. A katal\u00f3gusban szerepl\u0151 term\u00e9kazonoss\u00e1gnak legal\u00e1bb a t\u00e9nylegesen be\u00e9rkezett \u00e1ruval \u00e9s csomagol\u00e1ssal egyeznie kell. A keresked\u0151nek meg kell tudnia k\u00fcl\u00f6nb\u00f6ztetni a n\u00e9met piacra sz\u00e1nt SKU-t egy vizu\u00e1lisan hasonl\u00f3 glob\u00e1lis v\u00e1ltozatt\u00f3l, \u00e9s nem kezelheti \u00f6nmag\u00e1ban a m\u00e1rkanevet elegend\u0151 bizony\u00edt\u00e9kk\u00e9nt.<\/p>\n<h3>Hasznos ellen\u0151rz\u00e9sek \u00faj vape SKU list\u00e1z\u00e1sa el\u0151tt<\/h3>\n<ul>\n<li>Er\u0151s\u00edtse meg a pontos gy\u00e1rt\u00f3t, modellt \u00e9s v\u00e1ltozatot.<\/li>\n<li>A fizikai csomagol\u00e1sr\u00f3l r\u00f6gz\u00edtse a nikotinkoncentr\u00e1ci\u00f3t \u00e9s a tart\u00e1ly\/ut\u00e1nt\u00f6lt\u0151 t\u00e9rfogat\u00e1t.<\/li>\n<li>Ellen\u0151rizze, ahol sz\u00fcks\u00e9ges, a n\u00e9met nyelv\u0171 fogyaszt\u00f3i inform\u00e1ci\u00f3t \u00e9s a k\u00f6telez\u0151 figyelmeztet\u00e9seket.<\/li>\n<li>Er\u0151s\u00edtse meg az EU-ban letelepedett gy\u00e1rt\u00f3\/import\u0151r vagy felel\u0151s gazdas\u00e1gi szerepl\u0151 sz\u00fcks\u00e9ges adatait.<\/li>\n<li>K\u00e9rjen a besz\u00e1ll\u00edt\u00f3t\u00f3l a konkr\u00e9t term\u00e9khez tartoz\u00f3 bejelent\u00e9si vagy term\u00e9kazonos\u00edt\u00e1si bizony\u00edt\u00e9kot, ne fogadjon el \u00e1ltal\u00e1nos \u201eregisztr\u00e1lt\u201d \u00e1ll\u00edt\u00e1st.<\/li>\n<li>\u0150rizze meg a sz\u00e1ml\u00e1kat, besz\u00e1ll\u00edt\u00f3i adatokat \u00e9s t\u00e9telazonos\u00edt\u00f3kat, hogy a term\u00e9koldal visszak\u00f6vethet\u0151 legyen a t\u00e9nylegesen \u00e1tvett \u00e1ruhoz.<\/li>\n<\/ul>\n<p>A term\u00e9kbejelent\u00e9s r\u00e9szleteihez haszn\u00e1lja a BVL <a href=\"https:\/\/www.bvl.bund.de\/DE\/Arbeitsbereiche\/03_Verbraucherprodukte\/03_AntragstellerUnternehmen\/09_FAQ\/07_FAQ_E-Zigaretten\/FAQ_e-zigaretten_node.html\" rel=\"nofollow noopener\" target=\"_blank\">v\u00e1llalati GYIK-j\u00e9t az e-cigarett\u00e1kr\u00f3l \u00e9s ut\u00e1nt\u00f6lt\u0151kr\u0151l.<\/a><\/p>\n<h2>6. Hat\u00e1ron \u00e1tny\u00fal\u00f3 online \u00e9rt\u00e9kes\u00edt\u00e9s N\u00e9metorsz\u00e1gba<\/h2>\n<p>A hat\u00e1ron \u00e1tny\u00fal\u00f3 t\u00e1v\u00e9rt\u00e9kes\u00edt\u00e9s tov\u00e1bbi r\u00e9teget ad. A BVL szerint egy m\u00e1sik orsz\u00e1gb\u00f3l k\u00f6zvetlen\u00fcl vagy online N\u00e9metorsz\u00e1gba \u00e9rt\u00e9kes\u00edt\u0151 v\u00e1llalatnak az alkalmazand\u00f3 rendszerben regisztr\u00e1lnia kell a saj\u00e1t EU-tag\u00e1llam\u00e1nak illet\u00e9kes hat\u00f3s\u00e1g\u00e1n\u00e1l, \u00e9s ahol sz\u00fcks\u00e9ges, a n\u00e9met illet\u00e9kes hat\u00f3s\u00e1gn\u00e1l is. Megfelel\u0151 \u00e9letkor-ellen\u0151rz\u0151 rendszernek kell biztos\u00edtania, hogy a term\u00e9ket csak a t\u00f6rv\u00e9nyes als\u00f3 korhat\u00e1rt el\u00e9rt \u00fcgyfeleknek k\u00edn\u00e1lj\u00e1k \u00e9s adj\u00e1k \u00e1t.<\/p>\n<p>Ez fontos a nagykeresked\u0151k, piacterek \u00e9s fulfilment-partnereket haszn\u00e1l\u00f3 boltok sz\u00e1m\u00e1ra. Egy technikailag megfelel\u0151 term\u00e9k nem teszi automatikusan megfelel\u0151v\u00e9 a hat\u00e1ron \u00e1tny\u00fal\u00f3 \u00e9rt\u00e9kes\u00edt\u00e9si folyamatot. K\u00fcl\u00f6n kell vizsg\u00e1lni a term\u00e9kjogot \u00e9s az \u00e9rt\u00e9kes\u00edt\u00e9si csatorn\u00e1t.<\/p>\n<h2>7. Vape-ad\u00f3 N\u00e9metorsz\u00e1gban 2026-ban: 0,32 \u20ac milliliterenk\u00e9nt<\/h2>\n<p>N\u00e9metorsz\u00e1g a \u201edoh\u00e1nyterm\u00e9kek helyettes\u00edt\u0151it\u201d a folyad\u00e9k t\u00e9rfogata alapj\u00e1n ad\u00f3ztatja a Tabaksteuergesetz szerint. A \u00a72 2026. janu\u00e1r 1-j\u00e9t\u0151l 0,32 \u20ac milliliterenk\u00e9nti m\u00e9rt\u00e9ket \u00e1llap\u00edt meg, a 2025-\u00f6s 0,26 \u20ac\/ml ut\u00e1n. Az ad\u00f3z\u00e1si fogalom sz\u00e9lesebb egy egyszer\u0171 \u201enikotinad\u00f3n\u00e1l\u201d: a t\u00f6rv\u00e9nyi kateg\u00f3ria olyan term\u00e9kekre f\u00f3kusz\u00e1l, amelyek eszk\u00f6z \u00e1ltal el\u0151\u00e1ll\u00edtott aeroszol vagy g\u0151z fogyaszt\u00e1s\u00e1ra alkalmasak, a t\u00f6rv\u00e9ny defin\u00edci\u00f3it \u00e9s kiv\u00e9teleit figyelembe v\u00e9ve.<\/p>\n<div style=\"overflow-x:auto;\">\n<table>\n<thead>\n<tr>\n<th>Id\u0151szak<\/th>\n<th>Doh\u00e1nyterm\u00e9k-helyettes\u00edt\u0151k j\u00f6ved\u00e9kiad\u00f3-m\u00e9rt\u00e9ke<\/th>\n<\/tr>\n<\/thead>\n<tbody>\n<tr>\n<td>2022. j\u00falius 1.\u20132023. december 31.<\/td>\n<td>0,16 \u20ac\/ml<\/td>\n<\/tr>\n<tr>\n<td>2024. janu\u00e1r 1.\u2013december 31.<\/td>\n<td>0,20 \u20ac\/ml<\/td>\n<\/tr>\n<tr>\n<td>2025. janu\u00e1r 1.\u2013december 31.<\/td>\n<td>0,26 \u20ac\/ml<\/td>\n<\/tr>\n<tr>\n<td>2026. janu\u00e1r 1-j\u00e9t\u0151l<\/td>\n<td>0,32 \u20ac\/ml<\/td>\n<\/tr>\n<\/tbody>\n<\/table>\n<\/div>\n<p>A jelenlegi m\u00e9rt\u00e9ket a <a href=\"https:\/\/www.gesetze-im-internet.de\/tabstg_2009\/__2.html\" rel=\"nofollow noopener\" target=\"_blank\">TabStG \u00a72<\/a>hat\u00e1rozza meg. M\u00e1s tag\u00e1llamb\u00f3l import\u00e1l\u00f3 vagy v\u00e1s\u00e1rl\u00f3 keresked\u0151 nem felt\u00e9telezheti, hogy \u00f6nmag\u00e1ban a besz\u00e1ll\u00edt\u00f3i sz\u00e1mla bizony\u00edtja a n\u00e9met j\u00f6ved\u00e9kiad\u00f3-helyzetet; az ad\u00f3jegyek, sz\u00e1ll\u00edt\u00e1si szab\u00e1lyok \u00e9s felel\u0151ss\u00e9g az ell\u00e1t\u00e1si l\u00e1nct\u00f3l f\u00fcgghet. Az \u00fczleti modellt\u0151l f\u00fcgg\u0151en ad\u00f3tan\u00e1csad\u00e1s indokolt lehet.<\/p>\n<h2>8. Rekl\u00e1m- \u00e9s marketingkorl\u00e1toz\u00e1sok<\/h2>\n<p>N\u00e9metorsz\u00e1g jelent\u0151s korl\u00e1toz\u00e1sokat alkalmaz az e-cigarett\u00e1k \u00e9s ut\u00e1nt\u00f6lt\u0151k rekl\u00e1moz\u00e1s\u00e1ra. A r\u00e9gebbi cikkek ezt gyakran \u201eminden online marketing tilos\u201d kijelent\u00e9sre egyszer\u0171s\u00edtik, vagy \u00e9ppen ellenkez\u0151leg, \u00fagy kezelik, mintha a keresked\u0151 saj\u00e1t weboldal\u00e1n minden megengedett lenne. Egyik r\u00f6vid\u00edt\u00e9s sem j\u00f3 compliance-m\u00f3dszer.<\/p>\n<p>A keresked\u0151knek el kell k\u00fcl\u00f6n\u00edteni\u00fck a web\u00e1ruh\u00e1z m\u0171k\u00f6d\u00e9s\u00e9hez sz\u00fcks\u00e9ges t\u00e9nyszer\u0171 term\u00e9kinform\u00e1ci\u00f3t a fizetett prom\u00f3ci\u00f3t\u00f3l, szponzor\u00e1ci\u00f3t\u00f3l, hat\u00e1ron \u00e1tny\u00fal\u00f3 rekl\u00e1mt\u00f3l, k\u00fclt\u00e9ri rekl\u00e1mt\u00f3l \u00e9s fiatalkor\u00faak sz\u00e1m\u00e1ra vonz\u00f3 kreat\u00edvokt\u00f3l. A TabakerzG relev\u00e1ns korl\u00e1toz\u00e1sokat tartalmaz, az e-cigarett\u00e1k k\u00fclt\u00e9ri rekl\u00e1mj\u00e1ra vonatkoz\u00f3 szab\u00e1lyok pedig 2024 \u00f3ta alkalmazand\u00f3k. Az olyan \u00e1ll\u00edt\u00e1sok, hogy a vape \u00e1rtalmatlan, eg\u00e9szs\u00e9ges vagy orvosilag el\u0151ny\u00f6s, tov\u00e1bbi egy\u00e9rtelm\u0171 compliance- \u00e9s fogyaszt\u00f3v\u00e9delmi kock\u00e1zatot jelentenek.<\/p>\n<p>Ez\u00e9rt a cikk v\u00e1s\u00e1rl\u00e1s\u00f6szt\u00f6nz\u00e9s helyett semleges szab\u00e1lyoz\u00e1si nyelvet haszn\u00e1l. A c\u00e9l a <em>n\u00e9metorsz\u00e1gi vape-szab\u00e1lyokra<\/em> ir\u00e1nyul\u00f3 keres\u00e9sek megv\u00e1laszol\u00e1sa, nem egy jogi \u00fatmutat\u00f3 rekl\u00e1mm\u00e1 alak\u00edt\u00e1sa.<\/p>\n<figure>\n<img decoding=\"async\" src=\"https:\/\/elfvaping.com\/wp-content\/uploads\/2024\/08\/Vaping-in-Germany-What-Retailers-Need-to-Know.webp\" alt=\"Vape-csomagol\u00e1s illusztr\u00e1ci\u00f3ja n\u00e9met keresked\u0151i compliance-ellen\u0151rz\u00e9sekhez\" loading=\"lazy\" \/><figcaption>A keresked\u0151nek a pontos SKU-t, c\u00edmk\u00e9z\u00e9st \u00e9s piaci dokument\u00e1ci\u00f3t kell ellen\u0151riznie; a term\u00e9kek vizu\u00e1lis hasonl\u00f3s\u00e1ga nem elegend\u0151.<\/figcaption><\/figure>\n<h2>9. Hol lehet N\u00e9metorsz\u00e1gban vapelni?<\/h2>\n<p>A sz\u00f6vets\u00e9gi nemdoh\u00e1nyz\u00f3-v\u00e9delmi t\u00f6rv\u00e9ny m\u00e1r kifejezetten mag\u00e1ban foglalja az elektronikus cigarett\u00e1kat. A <a href=\"https:\/\/www.gesetze-im-internet.de\/bnichtrschg\/__1.html\" rel=\"nofollow noopener\" target=\"_blank\">Bundesnichtraucherschutzgesetz \u00a71<\/a>alapj\u00e1n a vapel\u00e9s a doh\u00e1nyz\u00e1si tilalom k\u00f6r\u00e9be tartozik az \u00e9rintett sz\u00f6vets\u00e9gi l\u00e9tes\u00edtm\u00e9nyekben, a k\u00f6z\u00f6ss\u00e9gi szem\u00e9lysz\u00e1ll\u00edt\u00e1sban \u00e9s a szem\u00e9lyforgalmi vas\u00fat\u00e1llom\u00e1sokon, figyelembe v\u00e9ve a z\u00e1rt terekre \u00e9s kijel\u00f6lt doh\u00e1nyz\u00f3helyis\u00e9gekre vagy -z\u00f3n\u00e1kra vonatkoz\u00f3 szab\u00e1lyokat.<\/p>\n<p>Ez a sz\u00f6vets\u00e9gi t\u00f6rv\u00e9ny nem ad teljes v\u00e1laszt minden \u00e9tteremre, b\u00e1rra, irod\u00e1ra, stadionra vagy m\u00e1s helyi helysz\u00ednre. A n\u00e9met tartom\u00e1nyoknak saj\u00e1t nemdoh\u00e1nyz\u00f3-v\u00e9delmi szab\u00e1lyaik vannak, \u00e9s az \u00fczemeltet\u0151k h\u00e1zirendet \u00edrhatnak el\u0151. Ez\u00e9rt a konkr\u00e9t hely szab\u00e1ly\u00e1t kell ellen\u0151rizni ahelyett, hogy egyetlen orsz\u00e1gos mondatot alkalmazn\u00e1nk minden bel- \u00e9s k\u00fclt\u00e9ri t\u00e9rre.<\/p>\n<p>K\u00fcl\u00f6n \u00fatmutat\u00f3nk a <a href=\"https:\/\/elfvaping.com\/hu\/a-nyilvanos-vaping-legjobb-gyakorlatai-2\/\">nyilv\u00e1nos helyen t\u00f6rt\u00e9n\u0151 vapel\u00e9sr\u0151l<\/a> az etikett- \u00e9s helysz\u00ednszab\u00e1lyokra f\u00f3kusz\u00e1l, nem a term\u00e9k piaci jogszer\u0171s\u00e9g\u00e9re.<\/p>\n<h2>10. Leg\u00e1lisak az eldobhat\u00f3 vape-ek N\u00e9metorsz\u00e1gban 2026-ban?<\/h2>\n<p>2026. augusztus 18-i \u00e1llapot szerint nem tudtunk olyan m\u00e1r hat\u00e1lyba l\u00e9pett orsz\u00e1gos \u00e1ltal\u00e1nos tilalmat igazolni, amely minden eldobhat\u00f3 e-cigaretta kiskereskedelmi \u00e9rt\u00e9kes\u00edt\u00e9s\u00e9t megtiltan\u00e1. Ugyanakkor akt\u00edv politikai folyamat zajlik az eldobhat\u00f3 term\u00e9kek korl\u00e1toz\u00e1s\u00e1ra vagy betilt\u00e1s\u00e1ra, \u00e9s ez a ter\u00fclet gyorsabban v\u00e1ltozhat, mint a stabilabb term\u00e9kszab\u00e1lyok.<\/p>\n<p>A k\u00fcl\u00f6nbs\u00e9g fontos az olyan keres\u00e9sekhez, mint \u201ee cigaretta k\u00e9sz\u00fcl\u00e9k N\u00e9metorsz\u00e1gban\u201d, \u201eleg\u00e1lis a vape N\u00e9metorsz\u00e1gban?\u201d vagy \u201ebetiltott\u00e1k az eldobhat\u00f3 vape-et N\u00e9metorsz\u00e1gban?\u201d. Egy politikai bejelent\u00e9s egy tilalom el\u0151k\u00e9sz\u00edt\u00e9s\u00e9r\u0151l nem azonos egy elfogadott, hat\u00e1lybal\u00e9p\u00e9si d\u00e1tummal rendelkez\u0151 t\u00f6rv\u00e9nnyel. Ugyanakkor az, hogy \u201ema nincs \u00e1ltal\u00e1nosan betiltva\u201d, nem jelenti azt, hogy egy glob\u00e1lis weboldal b\u00e1rmely eldobhat\u00f3 vape-je jogszer\u0171en eladhat\u00f3 N\u00e9metorsz\u00e1gban. A konkr\u00e9t SKU-nak tov\u00e1bbra is meg kell felelnie a n\u00e9met nikotinmennyis\u00e9gre \u00e9s -koncentr\u00e1ci\u00f3ra, bejelent\u00e9sre, fiatalkor\u00fa-v\u00e9delemre, ad\u00f3z\u00e1sra \u00e9s elektromos berendez\u00e9sekre vonatkoz\u00f3 k\u00f6vetelm\u00e9nyeknek.<\/p>\n<p>Nagyobb k\u00e9szletd\u00f6nt\u00e9s el\u0151tt a keresked\u0151knek ism\u00e9t ellen\u0151rizni\u00fck kell a jogi st\u00e1tuszt, mert a szakpolitika v\u00e1ltozik. A sz\u00f6vets\u00e9gi k\u00f6rnyezetv\u00e9delmi miniszt\u00e9rium nyilv\u00e1nosan t\u00e1mogatta a j\u00f6v\u0151beli tilalmat, mik\u00f6zben a jelenlegi 2026-os rendszer a visszav\u00e9teli k\u00f6telezetts\u00e9geket is kib\u0151v\u00edti.<\/p>\n<h2>11. \u00daj 2026-os visszav\u00e9teli k\u00f6telezetts\u00e9g haszn\u00e1lt e-cigarett\u00e1kra<\/h2>\n<p>A k\u00f6rnyezetv\u00e9delmi compliance ma m\u00e1r k\u00f6zponti kiskereskedelmi k\u00e9rd\u00e9s. N\u00e9metorsz\u00e1g m\u00f3dos\u00edtotta az Elektro- und Elektronikger\u00e4tegesetz (ElektroG) t\u00f6rv\u00e9nyt, \u00e9s az \u00e1tmeneti szab\u00e1ly el\u0151\u00edrta, hogy az \u00e9rintett e-cigaretta- \u00e9s hev\u00edtett doh\u00e1nyterm\u00e9k-forgalmaz\u00f3k 2026. j\u00fanius 30-ig visszav\u00e9teli pontot l\u00e9tes\u00edtsenek. A sz\u00f6vets\u00e9gi k\u00f6rnyezetv\u00e9delmi miniszt\u00e9rium szerint 2026. j\u00falius 1-j\u00e9t\u0151l a fogyaszt\u00f3k \u00faj eszk\u00f6z v\u00e1s\u00e1rl\u00e1sa n\u00e9lk\u00fcl adhatj\u00e1k le haszn\u00e1lt eldobhat\u00f3 e-cigarett\u00e1ikat az \u00e9rintett \u00e9rt\u00e9kes\u00edt\u00e9si pontokon, p\u00e9ld\u00e1ul kioszkokban, benzinkutakon \u00e9s vape-shopokban.<\/p>\n<p>A gyakorlati \u00fczenet egyszer\u0171: az eldobhat\u00f3 vape elektronik\u00e1t \u00e9s akkumul\u00e1tort tartalmaz, ez\u00e9rt nem val\u00f3 a vegyes h\u00e1ztart\u00e1si hullad\u00e9kba. A keresked\u0151 compliance-folyamat\u00e1nak az \u00e9rt\u00e9kes\u00edt\u00e9s mellett a gy\u0171jt\u00e9st, v\u00e1s\u00e1rl\u00f3i t\u00e1j\u00e9koztat\u00e1st \u00e9s biztons\u00e1gos tov\u00e1bbi kezel\u00e9st is tartalmaznia kell. L\u00e1sd a <a href=\"https:\/\/www.bundesumweltministerium.de\/pressemitteilung\/haendler-von-einweg-e-zigaretten-muessen-ab-2026-ausgediente-geraete-zuruecknehmen\" rel=\"nofollow noopener\" target=\"_blank\">sz\u00f6vets\u00e9gi k\u00f6rnyezetv\u00e9delmi miniszt\u00e9rium 2026-os visszav\u00e9teli \u00fatmutat\u00e1s\u00e1t.<\/a> Az \u00e1tmeneti hat\u00e1rid\u0151t az <a href=\"https:\/\/www.gesetze-im-internet.de\/elektrog_2015\/__46.html\" rel=\"nofollow noopener\" target=\"_blank\">ElektroG \u00a746 r\u00f6gz\u00edti.<\/a><\/p>\n<h2>12. Compliance-ellen\u0151rz\u0151lista n\u00e9metorsz\u00e1gi keresked\u0151knek<\/h2>\n<ol>\n<li><strong>Azonos\u00edtsa a pontos SKU-t.<\/strong> Ne vegyen fel k\u00e9szletet puszt\u00e1n \u00e1ltal\u00e1nos term\u00e9kcsal\u00e1dn\u00e9v vagy besz\u00e1ll\u00edt\u00f3i hero-k\u00e9p alapj\u00e1n.<\/li>\n<li><strong>Ellen\u0151rizze a nikotint \u00e9s a folyad\u00e9kt\u00e9rfogatot.<\/strong> Nikotinterm\u00e9kekn\u00e9l helyesen alkalmazza a 20 mg\/ml, az eldobhat\u00f3 eszk\u00f6z\u00f6kn\u00e9l\/patronokn\u00e1l a 2 ml \u00e9s az ut\u00e1nt\u00f6lt\u0151kn\u00e9l a 10 ml hat\u00e1rt.<\/li>\n<li><strong>Ellen\u0151rizze a n\u00e9met piacra sz\u00e1nt csomagol\u00e1st.<\/strong> Vizsg\u00e1lja meg a figyelmeztet\u00e9seket, \u00fatmutat\u00f3kat, felel\u0151s szerepl\u0151 adatait \u00e9s m\u00e1s k\u00f6telez\u0151 inform\u00e1ci\u00f3kat.<\/li>\n<li><strong>Ellen\u0151rizze a bejelent\u00e9si st\u00e1tuszt.<\/strong> A lesz\u00e1ll\u00edtott term\u00e9ket a konkr\u00e9t EU-CEG-identit\u00e1shoz\/dokument\u00e1ci\u00f3hoz illessze, ne \u00e1ltal\u00e1nos m\u00e1rka\u00e1ll\u00edt\u00e1sra t\u00e1maszkodjon.<\/li>\n<li><strong>Er\u0151s\u00edtse meg az \u00e9letkor-ellen\u0151rz\u00e9si elj\u00e1r\u00e1sokat.<\/strong> Az \u00fczletnek, online checkoutnak, fulfilmentnek \u00e9s k\u00e9zbes\u00edt\u00e9snek is t\u00e1mogatnia kell a 18+ szab\u00e1lyt.<\/li>\n<li><strong>Ellen\u0151rizze a hat\u00e1ron \u00e1tny\u00fal\u00f3 regisztr\u00e1ci\u00f3t.<\/strong> Ezt m\u00e9g azel\u0151tt tegye meg, hogy m\u00e1s joghat\u00f3s\u00e1gb\u00f3l k\u00f6zvetlen\u00fcl n\u00e9met fogyaszt\u00f3knak \u00e9rt\u00e9kes\u00edtene.<\/li>\n<li><strong>Ellen\u0151rizze a j\u00f6ved\u00e9ki ad\u00f3 kezel\u00e9s\u00e9t.<\/strong> A 2026-os m\u00e9rt\u00e9k 0,32 \u20ac\/ml; tiszt\u00e1zza a val\u00f3s ell\u00e1t\u00e1si l\u00e1nc ad\u00f3felel\u0151ss\u00e9g\u00e9t \u00e9s ad\u00f3jegy-k\u00f6vetelm\u00e9nyeit.<\/li>\n<li><strong>Ellen\u0151rizze a marketinget.<\/strong> A term\u00e9kinform\u00e1ci\u00f3 maradjon t\u00e9nyszer\u0171, \u00e9s ker\u00fclje a tiltott csatorn\u00e1kat, kiskor\u00faaknak vonz\u00f3 kommunik\u00e1ci\u00f3t \u00e9s eg\u00e9szs\u00e9g\u00e1ll\u00edt\u00e1sokat.<\/li>\n<li><strong>Alak\u00edtsa ki az elektronikai hullad\u00e9k visszav\u00e9tel\u00e9t.<\/strong> Ha az \u00e9rt\u00e9kes\u00edt\u00e9si pont a 2026-os ElektroG-k\u00f6telezetts\u00e9g al\u00e1 esik, tartsa fenn a sz\u00fcks\u00e9ges gy\u0171jt\u00e9si \u00e9s t\u00e1j\u00e9koztat\u00e1si folyamatot.<\/li>\n<li><strong>K\u00f6vesse az eldobhat\u00f3 vape-ekkel kapcsolatos politikai folyamatot.<\/strong> Egy j\u00f6v\u0151beli tilalom megv\u00e1ltoztathatja a beszerz\u00e9si d\u00f6nt\u00e9seket akkor is, ha a jelenlegi k\u00e9szlet megfelel a mai szab\u00e1lyoknak.<\/li>\n<\/ol>\n<h2>13. Figyelmeztet\u0151 jelek egy \u201eN\u00e9metorsz\u00e1gra k\u00e9sz\u201d vape-aj\u00e1nlatban<\/h2>\n<ul>\n<li>Egy nikotinos eldobhat\u00f3 eszk\u00f6zt egyszerre hirdetnek \u201eTPD-kompatibilisnek\u201d \u00e9s egyetlen eldobhat\u00f3 tart\u00e1lyban j\u00f3val t\u00f6bb mint 2 ml-rel, an\u00e9lk\u00fcl hogy k\u00fcl\u00f6n megfelel\u0151s\u00e9gi konfigur\u00e1ci\u00f3t ismertetn\u00e9nek.<\/li>\n<li>Az oldal csak glob\u00e1lis nikotinopci\u00f3kat, p\u00e9ld\u00e1ul 3%-ot vagy 5%-ot mutat, mik\u00f6zben azt \u00e1ll\u00edtja, hogy ugyanaz az egys\u00e9g n\u00e9met kiskereskedelmi k\u00e9szlet.<\/li>\n<li>Nem adhat\u00f3 meg pontos modell\/SKU-, import\u0151r- vagy felel\u0151s szerepl\u0151inform\u00e1ci\u00f3.<\/li>\n<li>A besz\u00e1ll\u00edt\u00f3 nyomon k\u00f6vethet\u0151 term\u00e9kdokument\u00e1ci\u00f3 helyett egy tan\u00fas\u00edt\u00e1si log\u00f3 k\u00e9perny\u0151k\u00e9p\u00e9t adja.<\/li>\n<li>A fot\u00f3kon l\u00e1that\u00f3 n\u00e9met nyelv\u0171 csomagol\u00e1s nem egyezik a t\u00e9nylegesen lesz\u00e1ll\u00edtott \u00e1ruval.<\/li>\n<li>Az elad\u00f3 \u00fagy kezeli a nikotinmentes term\u00e9keket, mintha mentes\u00fcln\u00e9nek minden n\u00e9met bejelent\u00e9si vagy fiatalkor\u00fa-v\u00e9delmi szab\u00e1ly al\u00f3l.<\/li>\n<li>Az \u00e1r szokatlanul alacsonynak t\u0171nik, mert a n\u00e9met j\u00f6ved\u00e9kiad\u00f3-st\u00e1tusz nem egy\u00e9rtelm\u0171.<\/li>\n<\/ul>\n<p>Hasznos bels\u0151 \u00f6sszehasonl\u00edt\u00e1s a <a href=\"https:\/\/elfvaping.com\/hu\/what-you-need-to-know-about-vaping-regulations-in-your-area\/\">helyi vape-szab\u00e1lyok ellen\u0151rz\u00e9s\u00e9r\u0151l sz\u00f3l\u00f3 \u00fatmutat\u00f3nk<\/a>. A m\u0171szaki karbantart\u00e1si t\u00e9m\u00e1k maradjanak k\u00fcl\u00f6n oldalakon, p\u00e9ld\u00e1ul <a href=\"https:\/\/elfvaping.com\/hu\/understanding-vape-coil-types-and-their-uses\/\">a vape-coil t\u00edpusokr\u00f3l sz\u00f3l\u00f3 \u00fatmutat\u00f3nkban<\/a>; a hibakeres\u00e9s, \u00e9rt\u00e9kes\u00edt\u00e9s \u00e9s n\u00e9met jogi keres\u00e9si sz\u00e1nd\u00e9k egy oldalra kever\u00e9se gyeng\u00edti a tematikus tulajdonl\u00e1st.<\/p>\n<h2>14. Vide\u00f3: f\u00fcggetlen n\u00e9met fogyaszt\u00f3v\u00e9delmi h\u00e1tt\u00e9r<\/h2>\n<p>A n\u00e9met Sz\u00f6vets\u00e9gi Kock\u00e1zat\u00e9rt\u00e9kel\u00e9si Int\u00e9zet (BfR) e-cigarett\u00e1kr\u00f3l fogyaszt\u00f3v\u00e9delmi vide\u00f3sorozatot \u00e9s f\u00f3rumos anyagokat tett k\u00f6zz\u00e9. Az al\u00e1bbi lej\u00e1tsz\u00e1si lista eg\u00e9szs\u00e9g\u00fcgyi \u00e9s szab\u00e1lyoz\u00e1si h\u00e1tt\u00e9rk\u00e9nt szerepel, nem term\u00e9kaj\u00e1nl\u00e1sk\u00e9nt \u00e9s nem a cikkben szerepl\u0151 jogi hat\u00e1r\u00e9rt\u00e9kek forr\u00e1sak\u00e9nt. Jogi szab\u00e1lyokhoz a fent linkelt t\u00f6rv\u00e9nyeket \u00e9s hat\u00f3s\u00e1gi oldalakat haszn\u00e1lja.<\/p>\n<div class=\"video-container\" style=\"position:relative;padding-bottom:56.25%;height:0;overflow:hidden;max-width:100%;\">\n<iframe src=\"https:\/\/www.youtube.com\/embed\/videoseries?list=PL4cxeorZOjEORt6mSweU5QzHbLtQ8EVET\" title=\"BfR fogyaszt\u00f3v\u00e9delmi f\u00f3rum lej\u00e1tsz\u00e1si list\u00e1ja e-cigarett\u00e1kr\u00f3l\" loading=\"lazy\" allow=\"accelerometer; autoplay; clipboard-write; encrypted-media; gyroscope; picture-in-picture; web-share\" allowfullscreen style=\"position:absolute;top:0;left:0;width:100%;height:100%;border:0;\"><\/iframe>\n<\/div>\n<h2>15. Gyakori k\u00e9rd\u00e9sek a n\u00e9metorsz\u00e1gi vape-szab\u00e1lyokr\u00f3l<\/h2>\n<h3>Be vannak tiltva a vape-ek N\u00e9metorsz\u00e1gban?<\/h3>\n<p>Nem. Nincs minden e-cigarett\u00e1ra vonatkoz\u00f3 \u00e1ltal\u00e1nos orsz\u00e1gos tilalom. A vape-ek szab\u00e1lyozott term\u00e9kek. Egy konkr\u00e9t term\u00e9k forgalomba hozatala vagy \u00e9rt\u00e9kes\u00edt\u00e9se m\u00e9gis jogellenes lehet, ha nem felel meg az alkalmazand\u00f3 term\u00e9k-, bejelent\u00e9si, ad\u00f3-, fiatalkor\u00fa-v\u00e9delmi vagy m\u00e1s k\u00f6vetelm\u00e9nyeknek.<\/p>\n<h3>Leg\u00e1lisak az eldobhat\u00f3 vape-ek N\u00e9metorsz\u00e1gban?<\/h3>\n<p>2026. augusztus 18-i \u00e1llapot szerint nincs igazolt, m\u00e1r hat\u00e1lyos orsz\u00e1gos \u00e1ltal\u00e1nos tilalom, de egy j\u00f6v\u0151beli tilalom akt\u00edv politikai t\u00e9ma. Egy eldobhat\u00f3 term\u00e9knek tov\u00e1bbra is meg kell felelnie az aktu\u00e1lis n\u00e9met szab\u00e1lyoknak. Nikotint tartalmaz\u00f3 eldobhat\u00f3 e-cigaretta vagy patron eset\u00e9n a folyad\u00e9kt\u00e9rfogat 2 ml-re, a nikotin pedig 20 mg\/ml-re korl\u00e1tozott.<\/p>\n<h3>H\u00e1ny \u00e9ves kort\u00f3l lehet vape-et v\u00e1s\u00e1rolni N\u00e9metorsz\u00e1gban?<\/h3>\n<p>18 \u00e9ves kort\u00f3l. A n\u00e9met fiatalkor\u00fa-v\u00e9delmi szab\u00e1lyok a nikotinmentes e-cigarett\u00e1kra \u00e9s e-shish\u00e1kra is vonatkoznak.<\/p>\n<h3>Mi a vape-ek nikotinlimitje N\u00e9metorsz\u00e1gban?<\/h3>\n<p>A TabakerzG \u00a714 hat\u00e1lya al\u00e1 tartoz\u00f3 nikotinos e-cigaretta-folyad\u00e9k maxim\u00e1lis nikotinkoncentr\u00e1ci\u00f3ja 20 mg\/ml.<\/p>\n<h3>Jogosan \u00e1rus\u00edthat\u00f3 N\u00e9metorsz\u00e1gban 5% nikotinos eldobhat\u00f3 vape?<\/h3>\n<p>Az 5%-os jel\u00f6l\u00e9s a sz\u00e1zal\u00e9k kifejez\u00e9si m\u00f3dj\u00e1t\u00f3l f\u00fcgg\u0151en jellemz\u0151en k\u00f6r\u00fclbel\u00fcl 50 mg\/ml-nek felel meg, ami meghaladja a nikotinos e-cigaretta-folyad\u00e9k 20 mg\/ml-es t\u00f6rv\u00e9nyi maximum\u00e1t. A keresked\u0151nek a konkr\u00e9t SKU t\u00e9nyleges koncentr\u00e1ci\u00f3j\u00e1t kell ellen\u0151riznie, nem pedig automatikusan \u00e1tsz\u00e1m\u00edtani egy marketing\u00e9rt\u00e9ket.<\/p>\n<h3>Mennyi a vape-ad\u00f3 N\u00e9metorsz\u00e1gban 2026-ban?<\/h3>\n<p>A doh\u00e1nyterm\u00e9k-helyettes\u00edt\u0151k j\u00f6ved\u00e9ki ad\u00f3ja a TabStG \u00a72 szerint 2026. janu\u00e1r 1-j\u00e9t\u0151l 0,32 \u20ac milliliterenk\u00e9nt.<\/p>\n<h3>Kell EU-CEG bejelent\u00e9s a nikotinmentes vape-ekhez N\u00e9metorsz\u00e1gban?<\/h3>\n<p>A BVL szerint a bejelent\u00e9si k\u00f6telezetts\u00e9g a nikotinmentes e-cigarett\u00e1kra \u00e9s ut\u00e1nt\u00f6lt\u0151kre is kiterjed, \u00e9s egy \u00faj term\u00e9ket hat h\u00f3nappal a piacra vitele el\u0151tt kell bejelenteni.<\/p>\n<h3>Lehet vapelni n\u00e9met vonatokon \u00e9s vas\u00fat\u00e1llom\u00e1sokon?<\/h3>\n<p>A sz\u00f6vets\u00e9gi nemdoh\u00e1nyz\u00f3-v\u00e9delmi t\u00f6rv\u00e9ny kifejezetten mag\u00e1ban foglalja az elektronikus cigarett\u00e1kat a k\u00f6z\u00f6ss\u00e9gi szem\u00e9lysz\u00e1ll\u00edt\u00e1sra \u00e9s szem\u00e9lyforgalmi \u00e1llom\u00e1sokra vonatkoz\u00f3 tilalomban, figyelembe v\u00e9ve a z\u00e1rt terekre \u00e9s kijel\u00f6lt doh\u00e1nyz\u00f3z\u00f3n\u00e1kra vonatkoz\u00f3 szab\u00e1lyokat.<\/p>\n<h3>Kidobhatj\u00e1k a n\u00e9met vape-shopok az eldobhat\u00f3 vape-eket a norm\u00e1l szem\u00e9tbe?<\/h3>\n<p>A haszn\u00e1lt e-cigaretta elektromos hullad\u00e9k \u00e9s akkumul\u00e1tort tartalmaz. A 2026-os ElektroG-m\u00f3dos\u00edt\u00e1sok kib\u0151v\u00edtik a keresked\u0151i visszav\u00e9telt, \u00e9s a sz\u00f6vets\u00e9gi k\u00f6rnyezetv\u00e9delmi miniszt\u00e9rium kifejezetten azt \u00edrja, hogy a haszn\u00e1lt eldobhat\u00f3 e-cigarett\u00e1kat megfelel\u0151 gy\u0171jt\u00e9si csatorn\u00e1n kell leadni, nem a vegyes hullad\u00e9kba dobni.<\/p>\n<figure>\n<img decoding=\"async\" src=\"https:\/\/elfvaping.com\/wp-content\/uploads\/2024\/08\/Vaping-in-Germany-What-Retailers-Need-to-Know-3.webp\" alt=\"N\u00e9met \u00e9letkor-, ad\u00f3- \u00e9s \u00fajrahasznos\u00edt\u00e1si szab\u00e1lyok illusztr\u00e1ci\u00f3ja vape-keresked\u0151knek\" loading=\"lazy\" \/><figcaption>A n\u00e9metorsz\u00e1gi vape-compliance ellen\u0151rz\u00e9sek l\u00e1nca: term\u00e9kkonfigur\u00e1ci\u00f3, bejelent\u00e9s, \u00e9letkor, ad\u00f3, marketing \u00e9s \u00e9letciklus v\u00e9gi kezel\u00e9s.<\/figcaption><\/figure>\n<h2>16. Forr\u00e1sok \u00e9s szerkeszt\u00e9si m\u00f3dszertan<\/h2>\n<p>A friss\u00edt\u00e9s els\u0151dleges n\u00e9met jogi \u00e9s hat\u00f3s\u00e1gi forr\u00e1sokat r\u00e9szes\u00edt el\u0151nyben: Tabakerzeugnisgesetz a term\u00e9klimitekhez, Jugendschutzgesetz a kiskor\u00faak hozz\u00e1f\u00e9r\u00e9s\u00e9hez, BVL-\u00fatmutat\u00e1s az EU-CEG-r\u0151l \u00e9s hat\u00e1ron \u00e1tny\u00fal\u00f3 \u00e9rt\u00e9kes\u00edt\u00e9sr\u0151l, Tabaksteuergesetz a 2026-os ad\u00f3m\u00e9rt\u00e9khez, Bundesnichtraucherschutzgesetz a sz\u00f6vets\u00e9gi haszn\u00e1lati korl\u00e1toz\u00e1sokhoz, valamint ElektroG\/sz\u00f6vets\u00e9gi k\u00f6rnyezetv\u00e9delmi miniszt\u00e9rium a 2026-os visszav\u00e9teli k\u00f6telezetts\u00e9gekhez. A 2014\/40\/EU ir\u00e1nyelv tov\u00e1bbra is az uni\u00f3s alapkeret a nikotinos e-cigarett\u00e1k \u00e9s ut\u00e1nt\u00f6lt\u0151k sz\u00e1m\u00e1ra.<\/p>\n<p>Sz\u00e1nd\u00e9kosan elt\u00e1vol\u00edtottuk azokat a bizony\u00edtatlan \u00e1ll\u00edt\u00e1sokat, amelyek szerint egy konkr\u00e9t nagykeresked\u0151, m\u00e1rka vagy term\u00e9k SKU-specifikus bizony\u00edt\u00e9k n\u00e9lk\u00fcl \u201eteljesen megfelel\u201d. Elt\u00e1vol\u00edtottuk az elavult terminol\u00f3gi\u00e1t \u00e9s az el\u0151z\u0151 verzi\u00f3 AI-szennyezett sz\u00f3helyettes\u00edt\u00e9seit is. A szab\u00e1lyoz\u00e1s v\u00e1ltozhat, k\u00fcl\u00f6n\u00f6sen az eldobhat\u00f3 term\u00e9kek tervezett korl\u00e1toz\u00e1sai k\u00f6r\u00fcl, ez\u00e9rt a v\u00e1llalkoz\u00e1soknak a jelenlegi k\u00f6vetelm\u00e9nyeket illet\u00e9kes hat\u00f3s\u00e1ggal vagy k\u00e9pzett jogi tan\u00e1csad\u00f3val kell meger\u0151s\u00edteni\u00fck, miel\u0151tt \u00fczleti d\u00f6nt\u00e9st alapozn\u00e1nak erre az \u00fatmutat\u00f3ra.<\/p>\n<p><strong>Szerkeszt\u0151i megjegyz\u00e9s:<\/strong> utols\u00f3 \u00e9rdemi jogi fel\u00fclvizsg\u00e1lat: 2026. augusztus 18. Az oldal feln\u0151tt olvas\u00f3knak \u00e9s \u00fczleti compliance-kutat\u00e1sra k\u00e9sz\u00fclt. Nem \u00f6szt\u00f6nzi a nikotinhaszn\u00e1latot, \u00e9s nem helyettes\u00edt jogi vagy ad\u00f3tan\u00e1csad\u00e1st.<\/p>\n<\/article>","protected":false},"excerpt":{"rendered":"<p>2026 Germany vaping law guide covering 18+ sales, TPD product limits, EU-CEG notification, vape excise tax, public-use restrictions and retailer take-back duties.<\/p>","protected":false},"author":1,"featured_media":11000,"comment_status":"open","ping_status":"open","sticky":false,"template":"","format":"standard","meta":{"_lmt_disableupdate":"no","_lmt_disable":"no","_jetpack_newsletter_access":"","_jetpack_dont_email_post_to_subs":false,"_jetpack_newsletter_tier_id":0,"_jetpack_memberships_contains_paywalled_content":false,"_jetpack_feature_clip_id":0,"_jetpack_memberships_contains_paid_content":false,"footnotes":"","jetpack_post_was_ever_published":false},"categories":[1,33],"tags":[],"class_list":["post-10997","post","type-post","status-publish","format-standard","has-post-thumbnail","hentry","category-elfvaping-blog","category-vape-news"],"yoast_head":"<!-- This site is optimized with the Yoast SEO plugin v28.4 - https:\/\/yoast.com\/product\/yoast-seo-wordpress\/ -->\n<title>Vaping Laws in Germany 2026: TPD, Age, Tax &amp; Vape Rules<\/title>\n<meta name=\"description\" content=\"A 2026 guide to vaping laws in Germany: 18+ sales, TPD 2ml\/20mg limits, EU-CEG notification, \u20ac0.32\/ml vape tax, public-use rules and retailer take-back duties.\" \/>\n<meta name=\"robots\" content=\"index, follow, max-snippet:-1, max-image-preview:large, max-video-preview:-1\" \/>\n<link rel=\"canonical\" href=\"https:\/\/elfvaping.com\/hu\/nemetorszagi-vaping-amit-a-kiskereskedoknek-tudniuk-kell\/\" \/>\n<meta property=\"og:locale\" content=\"hu_HU\" \/>\n<meta property=\"og:type\" content=\"article\" \/>\n<meta property=\"og:title\" content=\"Vaping Laws in Germany 2026: TPD, Age, Tax &amp; Vape Rules\" \/>\n<meta property=\"og:description\" content=\"A 2026 guide to vaping laws in Germany: 18+ sales, TPD 2ml\/20mg limits, EU-CEG notification, \u20ac0.32\/ml vape tax, public-use rules and retailer take-back duties.\" \/>\n<meta property=\"og:url\" content=\"https:\/\/elfvaping.com\/hu\/nemetorszagi-vaping-amit-a-kiskereskedoknek-tudniuk-kell\/\" \/>\n<meta property=\"og:site_name\" content=\"Elf Vaping\" \/>\n<meta property=\"article:publisher\" content=\"https:\/\/www.facebook.com\/elfvaping\" \/>\n<meta property=\"article:published_time\" content=\"2024-08-26T09:15:07+00:00\" \/>\n<meta property=\"article:modified_time\" content=\"2026-08-17T23:51:46+00:00\" \/>\n<meta property=\"og:image\" content=\"https:\/\/elfvaping.com\/wp-content\/uploads\/2024\/08\/Vaping-in-Germany-What-Retailers-Need-to-Know-.webp\" \/>\n\t<meta property=\"og:image:width\" content=\"594\" \/>\n\t<meta property=\"og:image:height\" content=\"595\" \/>\n\t<meta property=\"og:image:type\" content=\"image\/webp\" \/>\n<meta name=\"author\" content=\"Jack Tai\" \/>\n<meta name=\"twitter:card\" content=\"summary_large_image\" \/>\n<meta name=\"twitter:label1\" content=\"Szerz\u0151:\" \/>\n\t<meta name=\"twitter:data1\" content=\"Jack Tai\" \/>\n\t<meta name=\"twitter:label2\" content=\"Becs\u00fclt olvas\u00e1si id\u0151\" \/>\n\t<meta name=\"twitter:data2\" content=\"15 perc\" \/>\n<script type=\"application\/ld+json\" class=\"yoast-schema-graph\">{\"@context\":\"https:\\\/\\\/schema.org\",\"@graph\":[{\"@type\":\"Article\",\"@id\":\"https:\\\/\\\/elfvaping.com\\\/vaping-in-germany-what-retailers-need-to-know\\\/#article\",\"isPartOf\":{\"@id\":\"https:\\\/\\\/elfvaping.com\\\/vaping-in-germany-what-retailers-need-to-know\\\/\"},\"author\":{\"name\":\"Jack Tai\",\"@id\":\"https:\\\/\\\/elfvaping.com\\\/cs\\\/#\\\/schema\\\/person\\\/23534105856cd0ad2d729f9342c5ba02\"},\"headline\":\"Vaping Laws in Germany 2026: TPD, Age, Tax &#038; Retailer Rules\",\"datePublished\":\"2024-08-26T09:15:07+00:00\",\"dateModified\":\"2026-08-17T23:51:46+00:00\",\"mainEntityOfPage\":{\"@id\":\"https:\\\/\\\/elfvaping.com\\\/vaping-in-germany-what-retailers-need-to-know\\\/\"},\"wordCount\":2981,\"commentCount\":0,\"publisher\":{\"@id\":\"https:\\\/\\\/elfvaping.com\\\/cs\\\/#organization\"},\"image\":{\"@id\":\"https:\\\/\\\/elfvaping.com\\\/vaping-in-germany-what-retailers-need-to-know\\\/#primaryimage\"},\"thumbnailUrl\":\"https:\\\/\\\/elfvaping.com\\\/wp-content\\\/uploads\\\/2024\\\/08\\\/Vaping-in-Germany-What-Retailers-Need-to-Know-.webp\",\"articleSection\":[\"ElfVaping Blog\",\"Vape News\"],\"inLanguage\":\"hu\",\"potentialAction\":[{\"@type\":\"CommentAction\",\"name\":\"Comment\",\"target\":[\"https:\\\/\\\/elfvaping.com\\\/vaping-in-germany-what-retailers-need-to-know\\\/#respond\"]}]},{\"@type\":\"WebPage\",\"@id\":\"https:\\\/\\\/elfvaping.com\\\/vaping-in-germany-what-retailers-need-to-know\\\/\",\"url\":\"https:\\\/\\\/elfvaping.com\\\/vaping-in-germany-what-retailers-need-to-know\\\/\",\"name\":\"Vaping Laws in Germany 2026: TPD, Age, Tax & Vape Rules\",\"isPartOf\":{\"@id\":\"https:\\\/\\\/elfvaping.com\\\/cs\\\/#website\"},\"primaryImageOfPage\":{\"@id\":\"https:\\\/\\\/elfvaping.com\\\/vaping-in-germany-what-retailers-need-to-know\\\/#primaryimage\"},\"image\":{\"@id\":\"https:\\\/\\\/elfvaping.com\\\/vaping-in-germany-what-retailers-need-to-know\\\/#primaryimage\"},\"thumbnailUrl\":\"https:\\\/\\\/elfvaping.com\\\/wp-content\\\/uploads\\\/2024\\\/08\\\/Vaping-in-Germany-What-Retailers-Need-to-Know-.webp\",\"datePublished\":\"2024-08-26T09:15:07+00:00\",\"dateModified\":\"2026-08-17T23:51:46+00:00\",\"description\":\"A 2026 guide to vaping laws in Germany: 18+ sales, TPD 2ml\\\/20mg limits, EU-CEG notification, \u20ac0.32\\\/ml vape tax, public-use rules and retailer take-back duties.\",\"breadcrumb\":{\"@id\":\"https:\\\/\\\/elfvaping.com\\\/vaping-in-germany-what-retailers-need-to-know\\\/#breadcrumb\"},\"inLanguage\":\"hu\",\"potentialAction\":[{\"@type\":\"ReadAction\",\"target\":[\"https:\\\/\\\/elfvaping.com\\\/vaping-in-germany-what-retailers-need-to-know\\\/\"]}]},{\"@type\":\"ImageObject\",\"inLanguage\":\"hu\",\"@id\":\"https:\\\/\\\/elfvaping.com\\\/vaping-in-germany-what-retailers-need-to-know\\\/#primaryimage\",\"url\":\"https:\\\/\\\/elfvaping.com\\\/wp-content\\\/uploads\\\/2024\\\/08\\\/Vaping-in-Germany-What-Retailers-Need-to-Know-.webp\",\"contentUrl\":\"https:\\\/\\\/elfvaping.com\\\/wp-content\\\/uploads\\\/2024\\\/08\\\/Vaping-in-Germany-What-Retailers-Need-to-Know-.webp\",\"width\":594,\"height\":595},{\"@type\":\"BreadcrumbList\",\"@id\":\"https:\\\/\\\/elfvaping.com\\\/vaping-in-germany-what-retailers-need-to-know\\\/#breadcrumb\",\"itemListElement\":[{\"@type\":\"ListItem\",\"position\":1,\"name\":\"Home\",\"item\":\"https:\\\/\\\/elfvaping.com\\\/\"},{\"@type\":\"ListItem\",\"position\":2,\"name\":\"Vaping Laws in Germany 2026: TPD, Age, Tax &#038; Retailer Rules\"}]},{\"@type\":\"WebSite\",\"@id\":\"https:\\\/\\\/elfvaping.com\\\/cs\\\/#website\",\"url\":\"https:\\\/\\\/elfvaping.com\\\/cs\\\/\",\"name\":\"Elf Vaping\",\"description\":\"Best Wholesale Prices for Disposable Vapes\",\"publisher\":{\"@id\":\"https:\\\/\\\/elfvaping.com\\\/cs\\\/#organization\"},\"potentialAction\":[{\"@type\":\"SearchAction\",\"target\":{\"@type\":\"EntryPoint\",\"urlTemplate\":\"https:\\\/\\\/elfvaping.com\\\/cs\\\/?s={search_term_string}\"},\"query-input\":{\"@type\":\"PropertyValueSpecification\",\"valueRequired\":true,\"valueName\":\"search_term_string\"}}],\"inLanguage\":\"hu\"},{\"@type\":\"Organization\",\"@id\":\"https:\\\/\\\/elfvaping.com\\\/cs\\\/#organization\",\"name\":\"Elf Vaping\",\"url\":\"https:\\\/\\\/elfvaping.com\\\/cs\\\/\",\"logo\":{\"@type\":\"ImageObject\",\"inLanguage\":\"hu\",\"@id\":\"https:\\\/\\\/elfvaping.com\\\/cs\\\/#\\\/schema\\\/logo\\\/image\\\/\",\"url\":\"https:\\\/\\\/elfvaping.com\\\/wp-content\\\/uploads\\\/2024\\\/06\\\/elfvaping-logo.webp\",\"contentUrl\":\"https:\\\/\\\/elfvaping.com\\\/wp-content\\\/uploads\\\/2024\\\/06\\\/elfvaping-logo.webp\",\"width\":400,\"height\":111,\"caption\":\"Elf Vaping\"},\"image\":{\"@id\":\"https:\\\/\\\/elfvaping.com\\\/cs\\\/#\\\/schema\\\/logo\\\/image\\\/\"},\"sameAs\":[\"https:\\\/\\\/www.facebook.com\\\/elfvaping\",\"https:\\\/\\\/instagram.com\\\/elfvaping\\\/\"]},{\"@type\":\"Person\",\"@id\":\"https:\\\/\\\/elfvaping.com\\\/cs\\\/#\\\/schema\\\/person\\\/23534105856cd0ad2d729f9342c5ba02\",\"name\":\"Jack Tai\",\"description\":\"Jack Tai is the founder and visionary behind ELFVAPING (elfvaping.com), bringing over 10 years of hands-on experience in the disposable vape industry. With a deep understanding of global market trends and supply chain logistics, Jack has spent the last 5+ years building ELFVAPING into a trusted, one-stop global hub for top-tier brands like BANG BOX, WASPE, UWIN, and RandM. An advocate for accessible wholesale, Jack established a customer-first pricing model that offers direct-from-wholesale rates with an industry-low MOQ of just 10 pieces. His expertise ensures that ELFVAPING consistently delivers the best disposable vape pens on the market to both retail and wholesale partners worldwide.\",\"sameAs\":[\"https:\\\/\\\/elfvaping.com\"]}]}<\/script>\n<!-- \/ Yoast SEO plugin. -->","yoast_head_json":{"title":"Vape-szab\u00e1lyok N\u00e9metorsz\u00e1gban 2026: TPD, korhat\u00e1r, ad\u00f3 \u00e9s jogszab\u00e1lyok","description":"E-cigaretta N\u00e9metorsz\u00e1gban 2026: 18+ \u00e9rt\u00e9kes\u00edt\u00e9s, TPD 2 ml\/20 mg, EU-CEG, 0,32 \u20ac\/ml vape-ad\u00f3, nyilv\u00e1nos haszn\u00e1lat \u00e9s keresked\u0151i visszav\u00e9tel.","robots":{"index":"index","follow":"follow","max-snippet":"max-snippet:-1","max-image-preview":"max-image-preview:large","max-video-preview":"max-video-preview:-1"},"canonical":"https:\/\/elfvaping.com\/hu\/nemetorszagi-vaping-amit-a-kiskereskedoknek-tudniuk-kell\/","og_locale":"hu_HU","og_type":"article","og_title":"Vaping Laws in Germany 2026: TPD, Age, Tax & Vape Rules","og_description":"A 2026 guide to vaping laws in Germany: 18+ sales, TPD 2ml\/20mg limits, EU-CEG notification, \u20ac0.32\/ml vape tax, public-use rules and retailer take-back duties.","og_url":"https:\/\/elfvaping.com\/hu\/nemetorszagi-vaping-amit-a-kiskereskedoknek-tudniuk-kell\/","og_site_name":"Elf Vaping","article_publisher":"https:\/\/www.facebook.com\/elfvaping","article_published_time":"2024-08-26T09:15:07+00:00","article_modified_time":"2026-08-17T23:51:46+00:00","og_image":[{"width":594,"height":595,"url":"https:\/\/elfvaping.com\/wp-content\/uploads\/2024\/08\/Vaping-in-Germany-What-Retailers-Need-to-Know-.webp","type":"image\/webp"}],"author":"Jack Tai","twitter_card":"summary_large_image","twitter_misc":{"Szerz\u0151:":"Jack Tai","Becs\u00fclt olvas\u00e1si id\u0151":"15 perc"},"schema":{"@context":"https:\/\/schema.org","@graph":[{"@type":"Article","@id":"https:\/\/elfvaping.com\/vaping-in-germany-what-retailers-need-to-know\/#article","isPartOf":{"@id":"https:\/\/elfvaping.com\/vaping-in-germany-what-retailers-need-to-know\/"},"author":{"name":"Jack Tai","@id":"https:\/\/elfvaping.com\/cs\/#\/schema\/person\/23534105856cd0ad2d729f9342c5ba02"},"headline":"Vaping Laws in Germany 2026: TPD, Age, Tax &#038; Retailer Rules","datePublished":"2024-08-26T09:15:07+00:00","dateModified":"2026-08-17T23:51:46+00:00","mainEntityOfPage":{"@id":"https:\/\/elfvaping.com\/vaping-in-germany-what-retailers-need-to-know\/"},"wordCount":2981,"commentCount":0,"publisher":{"@id":"https:\/\/elfvaping.com\/cs\/#organization"},"image":{"@id":"https:\/\/elfvaping.com\/vaping-in-germany-what-retailers-need-to-know\/#primaryimage"},"thumbnailUrl":"https:\/\/elfvaping.com\/wp-content\/uploads\/2024\/08\/Vaping-in-Germany-What-Retailers-Need-to-Know-.webp","articleSection":["ElfVaping Blog","Vape News"],"inLanguage":"hu","potentialAction":[{"@type":"CommentAction","name":"Comment","target":["https:\/\/elfvaping.com\/vaping-in-germany-what-retailers-need-to-know\/#respond"]}]},{"@type":"WebPage","@id":"https:\/\/elfvaping.com\/vaping-in-germany-what-retailers-need-to-know\/","url":"https:\/\/elfvaping.com\/vaping-in-germany-what-retailers-need-to-know\/","name":"Vape-szab\u00e1lyok N\u00e9metorsz\u00e1gban 2026: TPD, korhat\u00e1r, ad\u00f3 \u00e9s jogszab\u00e1lyok","isPartOf":{"@id":"https:\/\/elfvaping.com\/cs\/#website"},"primaryImageOfPage":{"@id":"https:\/\/elfvaping.com\/vaping-in-germany-what-retailers-need-to-know\/#primaryimage"},"image":{"@id":"https:\/\/elfvaping.com\/vaping-in-germany-what-retailers-need-to-know\/#primaryimage"},"thumbnailUrl":"https:\/\/elfvaping.com\/wp-content\/uploads\/2024\/08\/Vaping-in-Germany-What-Retailers-Need-to-Know-.webp","datePublished":"2024-08-26T09:15:07+00:00","dateModified":"2026-08-17T23:51:46+00:00","description":"E-cigaretta N\u00e9metorsz\u00e1gban 2026: 18+ \u00e9rt\u00e9kes\u00edt\u00e9s, TPD 2 ml\/20 mg, EU-CEG, 0,32 \u20ac\/ml vape-ad\u00f3, nyilv\u00e1nos haszn\u00e1lat \u00e9s keresked\u0151i visszav\u00e9tel.","breadcrumb":{"@id":"https:\/\/elfvaping.com\/vaping-in-germany-what-retailers-need-to-know\/#breadcrumb"},"inLanguage":"hu","potentialAction":[{"@type":"ReadAction","target":["https:\/\/elfvaping.com\/vaping-in-germany-what-retailers-need-to-know\/"]}]},{"@type":"ImageObject","inLanguage":"hu","@id":"https:\/\/elfvaping.com\/vaping-in-germany-what-retailers-need-to-know\/#primaryimage","url":"https:\/\/elfvaping.com\/wp-content\/uploads\/2024\/08\/Vaping-in-Germany-What-Retailers-Need-to-Know-.webp","contentUrl":"https:\/\/elfvaping.com\/wp-content\/uploads\/2024\/08\/Vaping-in-Germany-What-Retailers-Need-to-Know-.webp","width":594,"height":595},{"@type":"BreadcrumbList","@id":"https:\/\/elfvaping.com\/vaping-in-germany-what-retailers-need-to-know\/#breadcrumb","itemListElement":[{"@type":"ListItem","position":1,"name":"Home","item":"https:\/\/elfvaping.com\/"},{"@type":"ListItem","position":2,"name":"Vaping Laws in Germany 2026: TPD, Age, Tax &#038; Retailer Rules"}]},{"@type":"WebSite","@id":"https:\/\/elfvaping.com\/cs\/#website","url":"https:\/\/elfvaping.com\/cs\/","name":"Elf Vaping","description":"A legjobb nagykereskedelmi \u00e1rak az eldobhat\u00f3 vape term\u00e9kekre","publisher":{"@id":"https:\/\/elfvaping.com\/cs\/#organization"},"potentialAction":[{"@type":"SearchAction","target":{"@type":"EntryPoint","urlTemplate":"https:\/\/elfvaping.com\/cs\/?s={search_term_string}"},"query-input":{"@type":"PropertyValueSpecification","valueRequired":true,"valueName":"search_term_string"}}],"inLanguage":"hu"},{"@type":"Organization","@id":"https:\/\/elfvaping.com\/cs\/#organization","name":"Elf Vaping","url":"https:\/\/elfvaping.com\/cs\/","logo":{"@type":"ImageObject","inLanguage":"hu","@id":"https:\/\/elfvaping.com\/cs\/#\/schema\/logo\/image\/","url":"https:\/\/elfvaping.com\/wp-content\/uploads\/2024\/06\/elfvaping-logo.webp","contentUrl":"https:\/\/elfvaping.com\/wp-content\/uploads\/2024\/06\/elfvaping-logo.webp","width":400,"height":111,"caption":"Elf Vaping"},"image":{"@id":"https:\/\/elfvaping.com\/cs\/#\/schema\/logo\/image\/"},"sameAs":["https:\/\/www.facebook.com\/elfvaping","https:\/\/instagram.com\/elfvaping\/"]},{"@type":"Person","@id":"https:\/\/elfvaping.com\/cs\/#\/schema\/person\/23534105856cd0ad2d729f9342c5ba02","name":"R\u00f6vid v\u00e1lasz:","description":"Jack Tai az ELFVAPING (elfvaping.com) alap\u00edt\u00f3ja \u00e9s l\u00e1tom\u00e1sa, aki t\u00f6bb mint 10 \u00e9ves gyakorlati tapasztalattal rendelkezik az eldobhat\u00f3 vape iparban.  A glob\u00e1lis piaci trendek \u00e9s a besz\u00e1ll\u00edt\u00f3i l\u00e1nc logisztik\u00e1j\u00e1nak m\u00e9ly meg\u00e9rt\u00e9se r\u00e9v\u00e9n Jack az elm\u00falt 5+ \u00e9vben az ELFVAPING-et megb\u00edzhat\u00f3, egyablakos glob\u00e1lis k\u00f6zpontt\u00e1 \u00e9p\u00edtette fel olyan fels\u0151 kateg\u00f3ri\u00e1s m\u00e1rk\u00e1k sz\u00e1m\u00e1ra, mint a BANG BOX, a WASPE, az UWIN \u00e9s a RandM.  Az el\u00e9rhet\u0151 nagykereskedelem sz\u00f3sz\u00f3l\u00f3jak\u00e9nt Jack l\u00e9trehozott egy \u00fcgyf\u00e9lk\u00f6zpont\u00fa \u00e1rk\u00e9pz\u00e9si modellt, amely k\u00f6zvetlen\u00fcl a nagykereskedelmi \u00e1rakat k\u00edn\u00e1lja, ipar\u00e1gi alacsony MOQ-val mind\u00f6ssze 10 darabt\u00f3l.  Szak\u00e9rtelme biztos\u00edtja, hogy az ELFVAPING folyamatosan sz\u00e1ll\u00edtsa a legjobb eldobhat\u00f3 vape tollakat a piacon mind a kiskereskedelmi, mind a nagykereskedelmi partnerek sz\u00e1m\u00e1ra vil\u00e1gszerte.","sameAs":["https:\/\/elfvaping.com"]}]}},"modified_by":"Jack Tai","jetpack_sharing_enabled":true,"jetpack_featured_media_url":"https:\/\/elfvaping.com\/wp-content\/uploads\/2024\/08\/Vaping-in-Germany-What-Retailers-Need-to-Know-.webp","_links":{"self":[{"href":"https:\/\/elfvaping.com\/hu\/wp-json\/wp\/v2\/posts\/10997","targetHints":{"allow":["GET"]}}],"collection":[{"href":"https:\/\/elfvaping.com\/hu\/wp-json\/wp\/v2\/posts"}],"about":[{"href":"https:\/\/elfvaping.com\/hu\/wp-json\/wp\/v2\/types\/post"}],"author":[{"embeddable":true,"href":"https:\/\/elfvaping.com\/hu\/wp-json\/wp\/v2\/users\/1"}],"replies":[{"embeddable":true,"href":"https:\/\/elfvaping.com\/hu\/wp-json\/wp\/v2\/comments?post=10997"}],"version-history":[{"count":0,"href":"https:\/\/elfvaping.com\/hu\/wp-json\/wp\/v2\/posts\/10997\/revisions"}],"wp:featuredmedia":[{"embeddable":true,"href":"https:\/\/elfvaping.com\/hu\/wp-json\/wp\/v2\/media\/11000"}],"wp:attachment":[{"href":"https:\/\/elfvaping.com\/hu\/wp-json\/wp\/v2\/media?parent=10997"}],"wp:term":[{"taxonomy":"category","embeddable":true,"href":"https:\/\/elfvaping.com\/hu\/wp-json\/wp\/v2\/categories?post=10997"},{"taxonomy":"post_tag","embeddable":true,"href":"https:\/\/elfvaping.com\/hu\/wp-json\/wp\/v2\/tags?post=10997"}],"curies":[{"name":"vape","href":"https:\/\/api.w.org\/{rel}","templated":true}]}}